{"id":29547,"date":"2026-01-29T10:17:59","date_gmt":"2026-01-29T08:17:59","guid":{"rendered":"https:\/\/www.pernillechristiansen.com\/?p=29547"},"modified":"2026-01-29T10:19:46","modified_gmt":"2026-01-29T08:19:46","slug":"sofacompany-38","status":"publish","type":"post","link":"https:\/\/www.pernillechristiansen.com\/de\/sofacompany-38\/","title":{"rendered":"SOFACOMPANY"},"content":{"rendered":"","protected":false},"excerpt":{"rendered":"<p>SOFACOMPANY erweitert sein Outdoor-Universum mit den modularen Sofas Vincent und Hadley und bringt wohnlichen Komfort auf Terrassen, Balkone und in G\u00e4rten. Passend zu den Sitzm\u00f6beln pr\u00e4sentiert die d\u00e4nische M\u00f6belmarke Cala \u2013 einen neuen Outdoor-Teppich, der Au\u00dfenbereichen W\u00e4rme, Haptik und das gem\u00fctliche Ambiente eines Wohnzimmers verleiht.<\/p>\n","protected":false},"author":2,"featured_media":29546,"comment_status":"closed","ping_status":"closed","sticky":false,"template":"","format":"standard","meta":{"_acf_changed":false,"_et_pb_use_builder":"","_et_pb_old_content":"","_et_gb_content_width":"","wp_social_preview_title":"","wp_social_preview_description":"","wp_social_preview_image":0,"footnotes":""},"categories":[83],"tags":[],"class_list":["post-29547","post","type-post","status-publish","format-standard","has-post-thumbnail","hentry","category-pressemitteilung"],"acf":[],"_links":{"self":[{"href":"https:\/\/www.pernillechristiansen.com\/de\/wp-json\/wp\/v2\/posts\/29547","targetHints":{"allow":["GET"]}}],"collection":[{"href":"https:\/\/www.pernillechristiansen.com\/de\/wp-json\/wp\/v2\/posts"}],"about":[{"href":"https:\/\/www.pernillechristiansen.com\/de\/wp-json\/wp\/v2\/types\/post"}],"author":[{"embeddable":true,"href":"https:\/\/www.pernillechristiansen.com\/de\/wp-json\/wp\/v2\/users\/2"}],"replies":[{"embeddable":true,"href":"https:\/\/www.pernillechristiansen.com\/de\/wp-json\/wp\/v2\/comments?post=29547"}],"version-history":[{"count":0,"href":"https:\/\/www.pernillechristiansen.com\/de\/wp-json\/wp\/v2\/posts\/29547\/revisions"}],"wp:featuredmedia":[{"embeddable":true,"href":"https:\/\/www.pernillechristiansen.com\/de\/wp-json\/wp\/v2\/media\/29546"}],"wp:attachment":[{"href":"https:\/\/www.pernillechristiansen.com\/de\/wp-json\/wp\/v2\/media?parent=29547"}],"wp:term":[{"taxonomy":"category","embeddable":true,"href":"https:\/\/www.pernillechristiansen.com\/de\/wp-json\/wp\/v2\/categories?post=29547"},{"taxonomy":"post_tag","embeddable":true,"href":"https:\/\/www.pernillechristiansen.com\/de\/wp-json\/wp\/v2\/tags?post=29547"}],"curies":[{"name":"wp","href":"https:\/\/api.w.org\/{rel}","templated":true}]}}