{"id":22578,"date":"2025-04-25T07:52:34","date_gmt":"2025-04-25T07:52:34","guid":{"rendered":"https:\/\/www.pernillechristiansen.com\/?p=22578"},"modified":"2025-04-25T07:52:34","modified_gmt":"2025-04-25T07:52:34","slug":"sofacompany-29","status":"publish","type":"post","link":"https:\/\/www.pernillechristiansen.com\/da\/sofacompany-29\/","title":{"rendered":"SOFACOMPANY"},"content":{"rendered":"","protected":false},"excerpt":{"rendered":"<p>For andet \u00e5r i tr\u00e6k deltager SOFACOMPANYs butik i Malm\u00f8 i Southern Sweden Design Days. Her vil det danske sofabrand pr\u00e6sentere sin ikoniske udend\u00f8rsmodel Vincent Outdoor samt den nyeste tilf\u00f8jelse til kollektionen, Riley-sofaen.<\/p>\n","protected":false},"author":2,"featured_media":22579,"comment_status":"closed","ping_status":"closed","sticky":false,"template":"","format":"standard","meta":{"_acf_changed":false,"_et_pb_use_builder":"","_et_pb_old_content":"","_et_gb_content_width":"","wp_social_preview_title":"","wp_social_preview_description":"","wp_social_preview_image":0,"footnotes":""},"categories":[1],"tags":[],"class_list":["post-22578","post","type-post","status-publish","format-standard","has-post-thumbnail","hentry","category-communique-de-presse"],"acf":[],"_links":{"self":[{"href":"https:\/\/www.pernillechristiansen.com\/da\/wp-json\/wp\/v2\/posts\/22578","targetHints":{"allow":["GET"]}}],"collection":[{"href":"https:\/\/www.pernillechristiansen.com\/da\/wp-json\/wp\/v2\/posts"}],"about":[{"href":"https:\/\/www.pernillechristiansen.com\/da\/wp-json\/wp\/v2\/types\/post"}],"author":[{"embeddable":true,"href":"https:\/\/www.pernillechristiansen.com\/da\/wp-json\/wp\/v2\/users\/2"}],"replies":[{"embeddable":true,"href":"https:\/\/www.pernillechristiansen.com\/da\/wp-json\/wp\/v2\/comments?post=22578"}],"version-history":[{"count":0,"href":"https:\/\/www.pernillechristiansen.com\/da\/wp-json\/wp\/v2\/posts\/22578\/revisions"}],"wp:featuredmedia":[{"embeddable":true,"href":"https:\/\/www.pernillechristiansen.com\/da\/wp-json\/wp\/v2\/media\/22579"}],"wp:attachment":[{"href":"https:\/\/www.pernillechristiansen.com\/da\/wp-json\/wp\/v2\/media?parent=22578"}],"wp:term":[{"taxonomy":"category","embeddable":true,"href":"https:\/\/www.pernillechristiansen.com\/da\/wp-json\/wp\/v2\/categories?post=22578"},{"taxonomy":"post_tag","embeddable":true,"href":"https:\/\/www.pernillechristiansen.com\/da\/wp-json\/wp\/v2\/tags?post=22578"}],"curies":[{"name":"wp","href":"https:\/\/api.w.org\/{rel}","templated":true}]}}